{"id":9856,"date":"2019-01-03T13:34:39","date_gmt":"2019-01-03T15:34:39","guid":{"rendered":"https:\/\/cnr.org.br\/site\/?p=9856"},"modified":"2019-01-03T13:34:39","modified_gmt":"2019-01-03T15:34:39","slug":"bolsonaro-aproveitara-reforma-da-previdencia-apresentada-por-temer","status":"publish","type":"post","link":"https:\/\/cnr.org.br\/site\/bolsonaro-aproveitara-reforma-da-previdencia-apresentada-por-temer\/","title":{"rendered":"Bolsonaro aproveitar\u00e1 reforma da Previd\u00eancia apresentada por Temer"},"content":{"rendered":"<div id=\"dslc-theme-content\"><div id=\"dslc-theme-content-inner\"><div id=\"attachment_9857\" style=\"width: 1150px\" class=\"wp-caption alignnone\"><img loading=\"lazy\" decoding=\"async\" aria-describedby=\"caption-attachment-9857\" class=\"size-full wp-image-9857\" src=\"https:\/\/cnr.org.br\/site\/wp-content\/uploads\/2019\/01\/8UxbWFeO4fg7TAt9_5tEcxV-0gI_1140x760_smart_http___agenciabrasil.ebc_.com_.br_sites_default_files_atoms_image_1072066-wdol20170405_0177.jpg\" alt=\"\" width=\"1140\" height=\"760\" srcset=\"https:\/\/cnr.org.br\/site\/wp-content\/uploads\/2019\/01\/8UxbWFeO4fg7TAt9_5tEcxV-0gI_1140x760_smart_http___agenciabrasil.ebc_.com_.br_sites_default_files_atoms_image_1072066-wdol20170405_0177.jpg 1140w, https:\/\/cnr.org.br\/site\/wp-content\/uploads\/2019\/01\/8UxbWFeO4fg7TAt9_5tEcxV-0gI_1140x760_smart_http___agenciabrasil.ebc_.com_.br_sites_default_files_atoms_image_1072066-wdol20170405_0177-300x200.jpg 300w, https:\/\/cnr.org.br\/site\/wp-content\/uploads\/2019\/01\/8UxbWFeO4fg7TAt9_5tEcxV-0gI_1140x760_smart_http___agenciabrasil.ebc_.com_.br_sites_default_files_atoms_image_1072066-wdol20170405_0177-768x512.jpg 768w, https:\/\/cnr.org.br\/site\/wp-content\/uploads\/2019\/01\/8UxbWFeO4fg7TAt9_5tEcxV-0gI_1140x760_smart_http___agenciabrasil.ebc_.com_.br_sites_default_files_atoms_image_1072066-wdol20170405_0177-1024x683.jpg 1024w, https:\/\/cnr.org.br\/site\/wp-content\/uploads\/2019\/01\/8UxbWFeO4fg7TAt9_5tEcxV-0gI_1140x760_smart_http___agenciabrasil.ebc_.com_.br_sites_default_files_atoms_image_1072066-wdol20170405_0177-90x60.jpg 90w, https:\/\/cnr.org.br\/site\/wp-content\/uploads\/2019\/01\/8UxbWFeO4fg7TAt9_5tEcxV-0gI_1140x760_smart_http___agenciabrasil.ebc_.com_.br_sites_default_files_atoms_image_1072066-wdol20170405_0177-563x375.jpg 563w\" sizes=\"auto, (max-width: 1140px) 100vw, 1140px\" \/><p id=\"caption-attachment-9857\" class=\"wp-caption-text\">Bras\u00edlia - O Relator da Reforma trabalhista, Rog\u00e9rio Marinho durante a audi\u00eancia p\u00fablica na Comiss\u00e3o Especial sobre a Reforma Trabalhista (PL 6.787\/16) (Wilson Dias\/Ag\u00eancia Brasil)<\/p><\/div>\n<p>O deputado federal Rog\u00e9rio Marinho (PSDB-RN), nomeado para a Secretaria Especial de Previd\u00eancia e Trabalho do novo governo, afirmou hoje (2) que a reforma nas regras da aposentadoria vai levar em considera\u00e7\u00e3o o que foi apresentado pelo governo de Michel Temer, ainda em 2017. A Proposta de Emenda \u00e0 Constitui\u00e7\u00e3o (PEC) n\u00ba 287, que tramita na C\u00e2mara dos Deputados, n\u00e3o chegou a ser votada em plen\u00e1rio na \u00faltima gest\u00e3o, e o desafio de mexer no setor ficou para o atual governo.<\/p>\n<p>\"Vamos usar o bom senso, e usar o bom senso significa economia processual. Evidente que a proposta que a\u00ed est\u00e1 n\u00e3o \u00e9 a ideal, ent\u00e3o h\u00e1 necessidade de ajustes e eles ser\u00e3o feitos ao longo de janeiro\", informou Marinho durante a transmiss\u00e3o de cargo do ministro da Economia, Paulo Guedes.<\/p>\n<p>Segundo Marinho, o texto \"mais definitivo\" da proposta de reforma da Previd\u00eancia ser\u00e1 constru\u00eddo ao longo desse m\u00eas para poder ser apresentado a partir da pr\u00f3xima legislatura. \"J\u00e1 houve todo um processo de discuss\u00e3o que antecedeu [o momento atual], acho que o pr\u00f3prio pa\u00eds espera com ansiedade o desfecho dessa situa\u00e7\u00e3o, teremos \u00eaxito. \u00c9 uma necessidade para o pr\u00f3prio pa\u00eds. Esse assunto j\u00e1 decantou, ficou maduro\", acrescentou.<\/p>\n<p>Em seu pronunciamento, o ministro Paulo Guedes defendeu enfaticamente a necessidade de aprova\u00e7\u00e3o da reforma da Previd\u00eancia, que estaria condicionada \u00e0 garantia de crescimento da economia do pa\u00eds. Ele ainda projetou a discuss\u00e3o do tema para os pr\u00f3ximos dois ou tr\u00eas meses.<\/p>\n<p>\"Essa primeira grande despesa [a da Previd\u00eancia] \u00e9 o primeiro e maior desafio a ser enfrentado. Se for bem-sucedido, a dois meses, tr\u00eas meses \u00e0 nossa frente, temos 10 anos de crescimento sustent\u00e1vel \u00e0 nossa frente [garantidos]\", afirmou.<\/p>\n<h2><strong>Combate a fraudes<\/strong><\/h2>\n<p>Rog\u00e9rio Marinho tamb\u00e9m informou que o governo dever\u00e1 editar uma norma, j\u00e1 nas pr\u00f3ximas semanas, para combater fraudes na concess\u00e3o de benef\u00edcios previdenci\u00e1rios e assistenciais. \"Isso ser\u00e1 atacado independentemente da reforma da Previd\u00eancia\", disse, ao confirmar que mais detalhes sobre o assunto poder\u00e3o ser apresentados na pr\u00f3xima sexta-feira (4). Segundo o pr\u00f3prio ministro Paulo Guedes, o combate a fraudes no setor poderia impactar numa economia anual entre R$ 17 bilh\u00f5es e R$ 30 bilh\u00f5es para os cofres p\u00fablicos.<\/p>\n<div class=\"edicao\"><strong>Fonte:<\/strong> <a href=\"http:\/\/agenciabrasil.ebc.com.br\/politica\/noticia\/2019-01\/bolsonaro-aproveitara-reforma-da-previdencia-apresentada-por-temer\">Ag\u00eancia Brasil<\/a><\/div>\n<p>&nbsp;<\/p>\n<div class=\"row\"><\/div>\n<div class=\"eouv-manifestacoes hidden-print\"><\/div>\n<\/div><\/div>","protected":false},"excerpt":{"rendered":"<p>O deputado federal Rog\u00e9rio Marinho (PSDB-RN), nomeado para a Secretaria Especial de Previd\u00eancia e Trabalho do novo governo, afirmou hoje (2) que a reforma nas regras da aposentadoria vai levar em considera\u00e7\u00e3o o que foi apresentado pelo governo de Michel Temer, ainda em 2017. A Proposta de Emenda \u00e0 Constitui\u00e7\u00e3o (PEC) n\u00ba 287, que tramita [&hellip;]<\/p>\n","protected":false},"author":2,"featured_media":14059,"comment_status":"open","ping_status":"open","sticky":false,"template":"","format":"standard","meta":{"footnotes":"","_links_to":"","_links_to_target":""},"categories":[47],"tags":[],"class_list":["post-9856","post","type-post","status-publish","format-standard","has-post-thumbnail","hentry","category-ultimas-noticias"],"yoast_head":"<!-- This site is optimized with the Yoast SEO plugin v28.4 - https:\/\/yoast.com\/product\/yoast-seo-wordpress\/ -->\n<title>Bolsonaro aproveitar\u00e1 reforma da Previd\u00eancia apresentada por Temer - CNR<\/title>\n<meta name=\"robots\" content=\"index, follow, max-snippet:-1, max-image-preview:large, max-video-preview:-1\" \/>\n<link rel=\"canonical\" href=\"https:\/\/cnr.org.br\/novoportal\/bolsonaro-aproveitara-reforma-da-previdencia-apresentada-por-temer\/\" \/>\n<meta property=\"og:locale\" content=\"pt_BR\" \/>\n<meta property=\"og:type\" content=\"article\" \/>\n<meta property=\"og:title\" content=\"Bolsonaro aproveitar\u00e1 reforma da Previd\u00eancia apresentada por Temer - CNR\" \/>\n<meta property=\"og:description\" content=\"O deputado federal Rog\u00e9rio Marinho (PSDB-RN), nomeado para a Secretaria Especial de Previd\u00eancia e Trabalho do novo governo, afirmou hoje (2) que a reforma nas regras da aposentadoria vai levar em considera\u00e7\u00e3o o que foi apresentado pelo governo de Michel Temer, ainda em 2017. A Proposta de Emenda \u00e0 Constitui\u00e7\u00e3o (PEC) n\u00ba 287, que tramita [&hellip;]\" \/>\n<meta property=\"og:url\" content=\"https:\/\/cnr.org.br\/novoportal\/bolsonaro-aproveitara-reforma-da-previdencia-apresentada-por-temer\/\" \/>\n<meta property=\"og:site_name\" content=\"CNR\" \/>\n<meta property=\"article:published_time\" content=\"2019-01-03T15:34:39+00:00\" \/>\n<meta property=\"og:image\" content=\"https:\/\/cnr.org.br\/novoportal\/wp-content\/uploads\/2019\/03\/8UxbWFeO4fg7TAt9_5tEcxV-0gI_1140x760_smart_http___agenciabrasil.ebc_.com_.br_sites_default_files_atoms_image_1072066-wdol20170405_0177.jpg\" \/>\n\t<meta property=\"og:image:width\" content=\"1140\" \/>\n\t<meta property=\"og:image:height\" content=\"760\" \/>\n\t<meta property=\"og:image:type\" content=\"image\/jpeg\" \/>\n<meta name=\"author\" content=\"Imprensa CNR\" \/>\n<meta name=\"twitter:card\" content=\"summary_large_image\" \/>\n<meta name=\"twitter:label1\" content=\"Escrito por\" \/>\n\t<meta name=\"twitter:data1\" content=\"Imprensa CNR\" \/>\n\t<meta name=\"twitter:label2\" content=\"Est. tempo de leitura\" \/>\n\t<meta name=\"twitter:data2\" content=\"2 minutos\" \/>\n<script type=\"application\/ld+json\" class=\"yoast-schema-graph\">{\"@context\":\"https:\\\/\\\/schema.org\",\"@graph\":[{\"@type\":\"Article\",\"@id\":\"https:\\\/\\\/cnr.org.br\\\/novoportal\\\/bolsonaro-aproveitara-reforma-da-previdencia-apresentada-por-temer\\\/#article\",\"isPartOf\":{\"@id\":\"https:\\\/\\\/cnr.org.br\\\/novoportal\\\/bolsonaro-aproveitara-reforma-da-previdencia-apresentada-por-temer\\\/\"},\"author\":{\"name\":\"Imprensa CNR\",\"@id\":\"https:\\\/\\\/cnr.org.br\\\/novoportal\\\/#\\\/schema\\\/person\\\/1f46209cd8c9d3d9887a0765b64ca66b\"},\"headline\":\"Bolsonaro aproveitar\u00e1 reforma da Previd\u00eancia apresentada por Temer\",\"datePublished\":\"2019-01-03T15:34:39+00:00\",\"mainEntityOfPage\":{\"@id\":\"https:\\\/\\\/cnr.org.br\\\/novoportal\\\/bolsonaro-aproveitara-reforma-da-previdencia-apresentada-por-temer\\\/\"},\"wordCount\":441,\"commentCount\":0,\"publisher\":{\"@id\":\"https:\\\/\\\/cnr.org.br\\\/novoportal\\\/#organization\"},\"image\":{\"@id\":\"https:\\\/\\\/cnr.org.br\\\/novoportal\\\/bolsonaro-aproveitara-reforma-da-previdencia-apresentada-por-temer\\\/#primaryimage\"},\"thumbnailUrl\":\"https:\\\/\\\/cnr.org.br\\\/site\\\/wp-content\\\/uploads\\\/2019\\\/03\\\/8UxbWFeO4fg7TAt9_5tEcxV-0gI_1140x760_smart_http___agenciabrasil.ebc_.com_.br_sites_default_files_atoms_image_1072066-wdol20170405_0177.jpg\",\"articleSection\":[\"\u00daltimas Not\u00edcias\"],\"inLanguage\":\"pt-BR\"},{\"@type\":\"WebPage\",\"@id\":\"https:\\\/\\\/cnr.org.br\\\/novoportal\\\/bolsonaro-aproveitara-reforma-da-previdencia-apresentada-por-temer\\\/\",\"url\":\"https:\\\/\\\/cnr.org.br\\\/novoportal\\\/bolsonaro-aproveitara-reforma-da-previdencia-apresentada-por-temer\\\/\",\"name\":\"Bolsonaro aproveitar\u00e1 reforma da Previd\u00eancia apresentada por Temer - CNR\",\"isPartOf\":{\"@id\":\"https:\\\/\\\/cnr.org.br\\\/novoportal\\\/#website\"},\"primaryImageOfPage\":{\"@id\":\"https:\\\/\\\/cnr.org.br\\\/novoportal\\\/bolsonaro-aproveitara-reforma-da-previdencia-apresentada-por-temer\\\/#primaryimage\"},\"image\":{\"@id\":\"https:\\\/\\\/cnr.org.br\\\/novoportal\\\/bolsonaro-aproveitara-reforma-da-previdencia-apresentada-por-temer\\\/#primaryimage\"},\"thumbnailUrl\":\"https:\\\/\\\/cnr.org.br\\\/site\\\/wp-content\\\/uploads\\\/2019\\\/03\\\/8UxbWFeO4fg7TAt9_5tEcxV-0gI_1140x760_smart_http___agenciabrasil.ebc_.com_.br_sites_default_files_atoms_image_1072066-wdol20170405_0177.jpg\",\"datePublished\":\"2019-01-03T15:34:39+00:00\",\"breadcrumb\":{\"@id\":\"https:\\\/\\\/cnr.org.br\\\/novoportal\\\/bolsonaro-aproveitara-reforma-da-previdencia-apresentada-por-temer\\\/#breadcrumb\"},\"inLanguage\":\"pt-BR\",\"potentialAction\":[{\"@type\":\"ReadAction\",\"target\":[\"https:\\\/\\\/cnr.org.br\\\/novoportal\\\/bolsonaro-aproveitara-reforma-da-previdencia-apresentada-por-temer\\\/\"]}]},{\"@type\":\"ImageObject\",\"inLanguage\":\"pt-BR\",\"@id\":\"https:\\\/\\\/cnr.org.br\\\/novoportal\\\/bolsonaro-aproveitara-reforma-da-previdencia-apresentada-por-temer\\\/#primaryimage\",\"url\":\"https:\\\/\\\/cnr.org.br\\\/site\\\/wp-content\\\/uploads\\\/2019\\\/03\\\/8UxbWFeO4fg7TAt9_5tEcxV-0gI_1140x760_smart_http___agenciabrasil.ebc_.com_.br_sites_default_files_atoms_image_1072066-wdol20170405_0177.jpg\",\"contentUrl\":\"https:\\\/\\\/cnr.org.br\\\/site\\\/wp-content\\\/uploads\\\/2019\\\/03\\\/8UxbWFeO4fg7TAt9_5tEcxV-0gI_1140x760_smart_http___agenciabrasil.ebc_.com_.br_sites_default_files_atoms_image_1072066-wdol20170405_0177.jpg\",\"width\":1140,\"height\":760},{\"@type\":\"BreadcrumbList\",\"@id\":\"https:\\\/\\\/cnr.org.br\\\/novoportal\\\/bolsonaro-aproveitara-reforma-da-previdencia-apresentada-por-temer\\\/#breadcrumb\",\"itemListElement\":[{\"@type\":\"ListItem\",\"position\":1,\"name\":\"In\u00edcio\",\"item\":\"https:\\\/\\\/cnr.org.br\\\/site\\\/\"},{\"@type\":\"ListItem\",\"position\":2,\"name\":\"Bolsonaro aproveitar\u00e1 reforma da Previd\u00eancia apresentada por Temer\"}]},{\"@type\":\"WebSite\",\"@id\":\"https:\\\/\\\/cnr.org.br\\\/novoportal\\\/#website\",\"url\":\"https:\\\/\\\/cnr.org.br\\\/novoportal\\\/\",\"name\":\"CNR\",\"description\":\"Confedera\u00e7\u00e3o Nacional de Not\u00e1rios e Registradores\",\"publisher\":{\"@id\":\"https:\\\/\\\/cnr.org.br\\\/novoportal\\\/#organization\"},\"potentialAction\":[{\"@type\":\"SearchAction\",\"target\":{\"@type\":\"EntryPoint\",\"urlTemplate\":\"https:\\\/\\\/cnr.org.br\\\/novoportal\\\/?s={search_term_string}\"},\"query-input\":{\"@type\":\"PropertyValueSpecification\",\"valueRequired\":true,\"valueName\":\"search_term_string\"}}],\"inLanguage\":\"pt-BR\"},{\"@type\":\"Organization\",\"@id\":\"https:\\\/\\\/cnr.org.br\\\/novoportal\\\/#organization\",\"name\":\"CNR\",\"url\":\"https:\\\/\\\/cnr.org.br\\\/novoportal\\\/\",\"logo\":{\"@type\":\"ImageObject\",\"inLanguage\":\"pt-BR\",\"@id\":\"https:\\\/\\\/cnr.org.br\\\/novoportal\\\/#\\\/schema\\\/logo\\\/image\\\/\",\"url\":\"https:\\\/\\\/cnr.org.br\\\/site\\\/wp-content\\\/uploads\\\/2026\\\/02\\\/Logo_CNR_completa_colorida_2024.png\",\"contentUrl\":\"https:\\\/\\\/cnr.org.br\\\/site\\\/wp-content\\\/uploads\\\/2026\\\/02\\\/Logo_CNR_completa_colorida_2024.png\",\"width\":910,\"height\":450,\"caption\":\"CNR\"},\"image\":{\"@id\":\"https:\\\/\\\/cnr.org.br\\\/novoportal\\\/#\\\/schema\\\/logo\\\/image\\\/\"}},{\"@type\":\"Person\",\"@id\":\"https:\\\/\\\/cnr.org.br\\\/novoportal\\\/#\\\/schema\\\/person\\\/1f46209cd8c9d3d9887a0765b64ca66b\",\"name\":\"Imprensa CNR\",\"sameAs\":[\"https:\\\/\\\/cnr.org.br\\\/site\"],\"url\":\"https:\\\/\\\/cnr.org.br\\\/site\\\/author\\\/imprensa\\\/\"}]}<\/script>\n<!-- \/ Yoast SEO plugin. -->","yoast_head_json":{"title":"Bolsonaro aproveitar\u00e1 reforma da Previd\u00eancia apresentada por Temer - CNR","robots":{"index":"index","follow":"follow","max-snippet":"max-snippet:-1","max-image-preview":"max-image-preview:large","max-video-preview":"max-video-preview:-1"},"canonical":"https:\/\/cnr.org.br\/novoportal\/bolsonaro-aproveitara-reforma-da-previdencia-apresentada-por-temer\/","og_locale":"pt_BR","og_type":"article","og_title":"Bolsonaro aproveitar\u00e1 reforma da Previd\u00eancia apresentada por Temer - CNR","og_description":"O deputado federal Rog\u00e9rio Marinho (PSDB-RN), nomeado para a Secretaria Especial de Previd\u00eancia e Trabalho do novo governo, afirmou hoje (2) que a reforma nas regras da aposentadoria vai levar em considera\u00e7\u00e3o o que foi apresentado pelo governo de Michel Temer, ainda em 2017. A Proposta de Emenda \u00e0 Constitui\u00e7\u00e3o (PEC) n\u00ba 287, que tramita [&hellip;]","og_url":"https:\/\/cnr.org.br\/novoportal\/bolsonaro-aproveitara-reforma-da-previdencia-apresentada-por-temer\/","og_site_name":"CNR","article_published_time":"2019-01-03T15:34:39+00:00","og_image":[{"width":1140,"height":760,"url":"https:\/\/cnr.org.br\/novoportal\/wp-content\/uploads\/2019\/03\/8UxbWFeO4fg7TAt9_5tEcxV-0gI_1140x760_smart_http___agenciabrasil.ebc_.com_.br_sites_default_files_atoms_image_1072066-wdol20170405_0177.jpg","type":"image\/jpeg"}],"author":"Imprensa CNR","twitter_card":"summary_large_image","twitter_misc":{"Escrito por":"Imprensa CNR","Est. tempo de leitura":"2 minutos"},"schema":{"@context":"https:\/\/schema.org","@graph":[{"@type":"Article","@id":"https:\/\/cnr.org.br\/novoportal\/bolsonaro-aproveitara-reforma-da-previdencia-apresentada-por-temer\/#article","isPartOf":{"@id":"https:\/\/cnr.org.br\/novoportal\/bolsonaro-aproveitara-reforma-da-previdencia-apresentada-por-temer\/"},"author":{"name":"Imprensa CNR","@id":"https:\/\/cnr.org.br\/novoportal\/#\/schema\/person\/1f46209cd8c9d3d9887a0765b64ca66b"},"headline":"Bolsonaro aproveitar\u00e1 reforma da Previd\u00eancia apresentada por Temer","datePublished":"2019-01-03T15:34:39+00:00","mainEntityOfPage":{"@id":"https:\/\/cnr.org.br\/novoportal\/bolsonaro-aproveitara-reforma-da-previdencia-apresentada-por-temer\/"},"wordCount":441,"commentCount":0,"publisher":{"@id":"https:\/\/cnr.org.br\/novoportal\/#organization"},"image":{"@id":"https:\/\/cnr.org.br\/novoportal\/bolsonaro-aproveitara-reforma-da-previdencia-apresentada-por-temer\/#primaryimage"},"thumbnailUrl":"https:\/\/cnr.org.br\/site\/wp-content\/uploads\/2019\/03\/8UxbWFeO4fg7TAt9_5tEcxV-0gI_1140x760_smart_http___agenciabrasil.ebc_.com_.br_sites_default_files_atoms_image_1072066-wdol20170405_0177.jpg","articleSection":["\u00daltimas Not\u00edcias"],"inLanguage":"pt-BR"},{"@type":"WebPage","@id":"https:\/\/cnr.org.br\/novoportal\/bolsonaro-aproveitara-reforma-da-previdencia-apresentada-por-temer\/","url":"https:\/\/cnr.org.br\/novoportal\/bolsonaro-aproveitara-reforma-da-previdencia-apresentada-por-temer\/","name":"Bolsonaro aproveitar\u00e1 reforma da Previd\u00eancia apresentada por Temer - CNR","isPartOf":{"@id":"https:\/\/cnr.org.br\/novoportal\/#website"},"primaryImageOfPage":{"@id":"https:\/\/cnr.org.br\/novoportal\/bolsonaro-aproveitara-reforma-da-previdencia-apresentada-por-temer\/#primaryimage"},"image":{"@id":"https:\/\/cnr.org.br\/novoportal\/bolsonaro-aproveitara-reforma-da-previdencia-apresentada-por-temer\/#primaryimage"},"thumbnailUrl":"https:\/\/cnr.org.br\/site\/wp-content\/uploads\/2019\/03\/8UxbWFeO4fg7TAt9_5tEcxV-0gI_1140x760_smart_http___agenciabrasil.ebc_.com_.br_sites_default_files_atoms_image_1072066-wdol20170405_0177.jpg","datePublished":"2019-01-03T15:34:39+00:00","breadcrumb":{"@id":"https:\/\/cnr.org.br\/novoportal\/bolsonaro-aproveitara-reforma-da-previdencia-apresentada-por-temer\/#breadcrumb"},"inLanguage":"pt-BR","potentialAction":[{"@type":"ReadAction","target":["https:\/\/cnr.org.br\/novoportal\/bolsonaro-aproveitara-reforma-da-previdencia-apresentada-por-temer\/"]}]},{"@type":"ImageObject","inLanguage":"pt-BR","@id":"https:\/\/cnr.org.br\/novoportal\/bolsonaro-aproveitara-reforma-da-previdencia-apresentada-por-temer\/#primaryimage","url":"https:\/\/cnr.org.br\/site\/wp-content\/uploads\/2019\/03\/8UxbWFeO4fg7TAt9_5tEcxV-0gI_1140x760_smart_http___agenciabrasil.ebc_.com_.br_sites_default_files_atoms_image_1072066-wdol20170405_0177.jpg","contentUrl":"https:\/\/cnr.org.br\/site\/wp-content\/uploads\/2019\/03\/8UxbWFeO4fg7TAt9_5tEcxV-0gI_1140x760_smart_http___agenciabrasil.ebc_.com_.br_sites_default_files_atoms_image_1072066-wdol20170405_0177.jpg","width":1140,"height":760},{"@type":"BreadcrumbList","@id":"https:\/\/cnr.org.br\/novoportal\/bolsonaro-aproveitara-reforma-da-previdencia-apresentada-por-temer\/#breadcrumb","itemListElement":[{"@type":"ListItem","position":1,"name":"In\u00edcio","item":"https:\/\/cnr.org.br\/site\/"},{"@type":"ListItem","position":2,"name":"Bolsonaro aproveitar\u00e1 reforma da Previd\u00eancia apresentada por Temer"}]},{"@type":"WebSite","@id":"https:\/\/cnr.org.br\/novoportal\/#website","url":"https:\/\/cnr.org.br\/novoportal\/","name":"CNR","description":"Confedera\u00e7\u00e3o Nacional de Not\u00e1rios e Registradores","publisher":{"@id":"https:\/\/cnr.org.br\/novoportal\/#organization"},"potentialAction":[{"@type":"SearchAction","target":{"@type":"EntryPoint","urlTemplate":"https:\/\/cnr.org.br\/novoportal\/?s={search_term_string}"},"query-input":{"@type":"PropertyValueSpecification","valueRequired":true,"valueName":"search_term_string"}}],"inLanguage":"pt-BR"},{"@type":"Organization","@id":"https:\/\/cnr.org.br\/novoportal\/#organization","name":"CNR","url":"https:\/\/cnr.org.br\/novoportal\/","logo":{"@type":"ImageObject","inLanguage":"pt-BR","@id":"https:\/\/cnr.org.br\/novoportal\/#\/schema\/logo\/image\/","url":"https:\/\/cnr.org.br\/site\/wp-content\/uploads\/2026\/02\/Logo_CNR_completa_colorida_2024.png","contentUrl":"https:\/\/cnr.org.br\/site\/wp-content\/uploads\/2026\/02\/Logo_CNR_completa_colorida_2024.png","width":910,"height":450,"caption":"CNR"},"image":{"@id":"https:\/\/cnr.org.br\/novoportal\/#\/schema\/logo\/image\/"}},{"@type":"Person","@id":"https:\/\/cnr.org.br\/novoportal\/#\/schema\/person\/1f46209cd8c9d3d9887a0765b64ca66b","name":"Imprensa CNR","sameAs":["https:\/\/cnr.org.br\/site"],"url":"https:\/\/cnr.org.br\/site\/author\/imprensa\/"}]}},"_links":{"self":[{"href":"https:\/\/cnr.org.br\/site\/wp-json\/wp\/v2\/posts\/9856","targetHints":{"allow":["GET"]}}],"collection":[{"href":"https:\/\/cnr.org.br\/site\/wp-json\/wp\/v2\/posts"}],"about":[{"href":"https:\/\/cnr.org.br\/site\/wp-json\/wp\/v2\/types\/post"}],"author":[{"embeddable":true,"href":"https:\/\/cnr.org.br\/site\/wp-json\/wp\/v2\/users\/2"}],"replies":[{"embeddable":true,"href":"https:\/\/cnr.org.br\/site\/wp-json\/wp\/v2\/comments?post=9856"}],"version-history":[{"count":0,"href":"https:\/\/cnr.org.br\/site\/wp-json\/wp\/v2\/posts\/9856\/revisions"}],"wp:featuredmedia":[{"embeddable":true,"href":"https:\/\/cnr.org.br\/site\/wp-json\/wp\/v2\/media\/14059"}],"wp:attachment":[{"href":"https:\/\/cnr.org.br\/site\/wp-json\/wp\/v2\/media?parent=9856"}],"wp:term":[{"taxonomy":"category","embeddable":true,"href":"https:\/\/cnr.org.br\/site\/wp-json\/wp\/v2\/categories?post=9856"},{"taxonomy":"post_tag","embeddable":true,"href":"https:\/\/cnr.org.br\/site\/wp-json\/wp\/v2\/tags?post=9856"}],"curies":[{"name":"wp","href":"https:\/\/api.w.org\/{rel}","templated":true}]}}