{"id":9942,"date":"2019-01-09T14:23:08","date_gmt":"2019-01-09T16:23:08","guid":{"rendered":"https:\/\/cnr.org.br\/site\/?p=9942"},"modified":"2019-01-09T14:23:08","modified_gmt":"2019-01-09T16:23:08","slug":"proposta-permite-equiparacao-salarial-em-cadeia","status":"publish","type":"post","link":"https:\/\/cnr.org.br\/site\/proposta-permite-equiparacao-salarial-em-cadeia\/","title":{"rendered":"Proposta permite equipara\u00e7\u00e3o salarial em cadeia"},"content":{"rendered":"<div id=\"dslc-theme-content\"><div id=\"dslc-theme-content-inner\"><div id=\"conteudoNoticia\">\n<p style=\"text-align: center;\"><img loading=\"lazy\" decoding=\"async\" class=\"alignnone size-full wp-image-9943\" src=\"https:\/\/cnr.org.br\/site\/wp-content\/uploads\/2019\/01\/img20170912142130516903.jpg\" alt=\"\" width=\"2003\" height=\"1312\" srcset=\"https:\/\/cnr.org.br\/site\/wp-content\/uploads\/2019\/01\/img20170912142130516903.jpg 2003w, https:\/\/cnr.org.br\/site\/wp-content\/uploads\/2019\/01\/img20170912142130516903-300x197.jpg 300w, https:\/\/cnr.org.br\/site\/wp-content\/uploads\/2019\/01\/img20170912142130516903-768x503.jpg 768w, https:\/\/cnr.org.br\/site\/wp-content\/uploads\/2019\/01\/img20170912142130516903-1024x671.jpg 1024w, https:\/\/cnr.org.br\/site\/wp-content\/uploads\/2019\/01\/img20170912142130516903-90x60.jpg 90w, https:\/\/cnr.org.br\/site\/wp-content\/uploads\/2019\/01\/img20170912142130516903-573x375.jpg 573w\" sizes=\"auto, (max-width: 2003px) 100vw, 2003px\" \/><em>Na avalia\u00e7\u00e3o de Patrus Ananias, a reforma trabalhista aprovada em 2017 restringiu o direito constitucional \u00e0 isonomia salarial<\/em><\/p>\n<p>O Projeto de Lei 10575\/18 permite a chamada equipara\u00e7\u00e3o em cadeia, que acontece quando um trabalhador pede equipara\u00e7\u00e3o salarial a outro colega que conseguiu decis\u00e3o judicial favor\u00e1vel para tamb\u00e9m ter sal\u00e1rio equiparado a um terceiro empregado.<\/p>\n<p>A reforma trabalhista (<a href=\"http:\/\/www2.camara.leg.br\/legin\/fed\/lei\/2017\/lei-13467-13-julho-2017-785204-norma-pl.html\" target=\"_blank\" rel=\"noopener\">Lei 13.467\/17<\/a>) alterou a Consolida\u00e7\u00e3o das Leis do Trabalho (CLT, <a href=\"http:\/\/www2.camara.leg.br\/legin\/fed\/declei\/1940-1949\/decreto-lei-5452-1-maio-1943-415500-norma-pe.html\" target=\"_blank\" rel=\"noopener\">Decreto-Lei 5.452\/43<\/a>) para proibir essa vincula\u00e7\u00e3o, chamada de paradigma remoto. O texto atual da lei s\u00f3 permite equipara\u00e7\u00e3o salarial entre empregados contempor\u00e2neos no cargo ou na fun\u00e7\u00e3o.<\/p>\n<p>O projeto do deputado Patrus Ananias (PT-MG) visa ampliar o direito \u00e0 equipara\u00e7\u00e3o salarial, que passa a ser poss\u00edvel independentemente da modalidade do contrato de trabalho, e da contemporaneidade dos empregados no cargo ou na fun\u00e7\u00e3o, inclusive admitida a indica\u00e7\u00e3o de paradigmas remotos.<\/p>\n<p>Segundo Ananias, a reforma trabalhista restringiu o direito constitucional \u00e0 isonomia salarial. \u201cEsse direito, que decorre dos princ\u00edpios constitucionais da isonomia e da n\u00e3o discrimina\u00e7\u00e3o salarial, foi covardemente suprimido do trabalhador\u201d, disse o parlamentar.<\/p>\n<p>Ananias afirmou que a mudan\u00e7a legal \u00e9 injusta ao permitir que trabalhadores exercendo atribui\u00e7\u00f5es iguais percebam remunera\u00e7\u00f5es diferentes. \u201cN\u00e3o \u00e9 justo admitir-se que, por mero capricho do empregador, possa haver discrep\u00e2ncia de sal\u00e1rios de trabalhadores em iguais condi\u00e7\u00f5es\u201d, afirmou.<\/p>\n<p><strong>Tramita\u00e7\u00e3o<\/strong><br \/>\nA proposta tramita em <span class=\"termoGlossario\">car\u00e1ter conclusivo<\/span> e ser\u00e1 analisada pelas comiss\u00f5es de Trabalho, de Administra\u00e7\u00e3o e Servi\u00e7o P\u00fablico; e de Constitui\u00e7\u00e3o e Justi\u00e7a e de Cidadania.<\/p>\n<\/div>\n<div class=\"divBlocoContinuacao\">\n<div id=\"proposicao\">\n<h4>\u00cdNTEGRA DA PROPOSTA:<\/h4>\n<ul>\n<li><a href=\"http:\/\/www.camara.gov.br\/internet\/sileg\/Prop_Detalhe.asp?id=2181573\">PL-10575\/2018<\/a><\/li>\n<\/ul>\n<\/div>\n<div id=\"creditosMateria\">Reportagem \u2013 Tiago Miranda<br \/>\nEdi\u00e7\u00e3o \u2013Alexandre P\u00f4rto<\/div>\n<\/div>\n<div><\/div>\n<div><\/div>\n<div><strong>Fonte:<\/strong> <a href=\"http:\/\/www2.camara.leg.br\/camaranoticias\/noticias\/TRABALHO-E-PREVIDENCIA\/570520-PROPOSTA-PERMITE-EQUIPARACAO-SALARIAL-EM-CADEIA.html\">C\u00e2mara Not\u00edcias<\/a><\/div>\n<\/div><\/div>","protected":false},"excerpt":{"rendered":"<p>Na avalia\u00e7\u00e3o de Patrus Ananias, a reforma trabalhista aprovada em 2017 restringiu o direito constitucional \u00e0 isonomia salarial O Projeto de Lei 10575\/18 permite a chamada equipara\u00e7\u00e3o em cadeia, que acontece quando um trabalhador pede equipara\u00e7\u00e3o salarial a outro colega que conseguiu decis\u00e3o judicial favor\u00e1vel para tamb\u00e9m ter sal\u00e1rio equiparado a um terceiro empregado. A [&hellip;]<\/p>\n","protected":false},"author":2,"featured_media":14076,"comment_status":"open","ping_status":"open","sticky":false,"template":"","format":"standard","meta":{"footnotes":"","_links_to":"","_links_to_target":""},"categories":[507,47],"tags":[],"class_list":["post-9942","post","type-post","status-publish","format-standard","has-post-thumbnail","hentry","category-trabalho-e-previdencia","category-ultimas-noticias"],"yoast_head":"<!-- This site is optimized with the Yoast SEO plugin v28.4 - https:\/\/yoast.com\/product\/yoast-seo-wordpress\/ -->\n<title>Proposta permite equipara\u00e7\u00e3o salarial em cadeia - CNR<\/title>\n<meta name=\"robots\" content=\"index, follow, max-snippet:-1, max-image-preview:large, max-video-preview:-1\" \/>\n<link rel=\"canonical\" href=\"https:\/\/cnr.org.br\/novoportal\/proposta-permite-equiparacao-salarial-em-cadeia\/\" \/>\n<meta property=\"og:locale\" content=\"pt_BR\" \/>\n<meta property=\"og:type\" content=\"article\" \/>\n<meta property=\"og:title\" content=\"Proposta permite equipara\u00e7\u00e3o salarial em cadeia - CNR\" \/>\n<meta property=\"og:description\" content=\"Na avalia\u00e7\u00e3o de Patrus Ananias, a reforma trabalhista aprovada em 2017 restringiu o direito constitucional \u00e0 isonomia salarial O Projeto de Lei 10575\/18 permite a chamada equipara\u00e7\u00e3o em cadeia, que acontece quando um trabalhador pede equipara\u00e7\u00e3o salarial a outro colega que conseguiu decis\u00e3o judicial favor\u00e1vel para tamb\u00e9m ter sal\u00e1rio equiparado a um terceiro empregado. A [&hellip;]\" \/>\n<meta property=\"og:url\" content=\"https:\/\/cnr.org.br\/novoportal\/proposta-permite-equiparacao-salarial-em-cadeia\/\" \/>\n<meta property=\"og:site_name\" content=\"CNR\" \/>\n<meta property=\"article:published_time\" content=\"2019-01-09T16:23:08+00:00\" \/>\n<meta property=\"og:image\" content=\"https:\/\/cnr.org.br\/novoportal\/wp-content\/uploads\/2019\/03\/img20170912142130516903.jpg\" \/>\n\t<meta property=\"og:image:width\" content=\"2003\" \/>\n\t<meta property=\"og:image:height\" content=\"1312\" \/>\n\t<meta property=\"og:image:type\" content=\"image\/jpeg\" \/>\n<meta name=\"author\" content=\"Imprensa CNR\" \/>\n<meta name=\"twitter:card\" content=\"summary_large_image\" \/>\n<meta name=\"twitter:label1\" content=\"Escrito por\" \/>\n\t<meta name=\"twitter:data1\" content=\"Imprensa CNR\" \/>\n\t<meta name=\"twitter:label2\" content=\"Est. tempo de leitura\" \/>\n\t<meta name=\"twitter:data2\" content=\"1 minuto\" \/>\n<script type=\"application\/ld+json\" class=\"yoast-schema-graph\">{\"@context\":\"https:\\\/\\\/schema.org\",\"@graph\":[{\"@type\":\"Article\",\"@id\":\"https:\\\/\\\/cnr.org.br\\\/novoportal\\\/proposta-permite-equiparacao-salarial-em-cadeia\\\/#article\",\"isPartOf\":{\"@id\":\"https:\\\/\\\/cnr.org.br\\\/novoportal\\\/proposta-permite-equiparacao-salarial-em-cadeia\\\/\"},\"author\":{\"name\":\"Imprensa CNR\",\"@id\":\"https:\\\/\\\/cnr.org.br\\\/novoportal\\\/#\\\/schema\\\/person\\\/1f46209cd8c9d3d9887a0765b64ca66b\"},\"headline\":\"Proposta permite equipara\u00e7\u00e3o salarial em cadeia\",\"datePublished\":\"2019-01-09T16:23:08+00:00\",\"mainEntityOfPage\":{\"@id\":\"https:\\\/\\\/cnr.org.br\\\/novoportal\\\/proposta-permite-equiparacao-salarial-em-cadeia\\\/\"},\"wordCount\":286,\"commentCount\":0,\"publisher\":{\"@id\":\"https:\\\/\\\/cnr.org.br\\\/novoportal\\\/#organization\"},\"image\":{\"@id\":\"https:\\\/\\\/cnr.org.br\\\/novoportal\\\/proposta-permite-equiparacao-salarial-em-cadeia\\\/#primaryimage\"},\"thumbnailUrl\":\"https:\\\/\\\/cnr.org.br\\\/site\\\/wp-content\\\/uploads\\\/2019\\\/03\\\/img20170912142130516903.jpg\",\"articleSection\":[\"Trabalho e previd\u00eancia\",\"\u00daltimas Not\u00edcias\"],\"inLanguage\":\"pt-BR\"},{\"@type\":\"WebPage\",\"@id\":\"https:\\\/\\\/cnr.org.br\\\/novoportal\\\/proposta-permite-equiparacao-salarial-em-cadeia\\\/\",\"url\":\"https:\\\/\\\/cnr.org.br\\\/novoportal\\\/proposta-permite-equiparacao-salarial-em-cadeia\\\/\",\"name\":\"Proposta permite equipara\u00e7\u00e3o salarial em cadeia - CNR\",\"isPartOf\":{\"@id\":\"https:\\\/\\\/cnr.org.br\\\/novoportal\\\/#website\"},\"primaryImageOfPage\":{\"@id\":\"https:\\\/\\\/cnr.org.br\\\/novoportal\\\/proposta-permite-equiparacao-salarial-em-cadeia\\\/#primaryimage\"},\"image\":{\"@id\":\"https:\\\/\\\/cnr.org.br\\\/novoportal\\\/proposta-permite-equiparacao-salarial-em-cadeia\\\/#primaryimage\"},\"thumbnailUrl\":\"https:\\\/\\\/cnr.org.br\\\/site\\\/wp-content\\\/uploads\\\/2019\\\/03\\\/img20170912142130516903.jpg\",\"datePublished\":\"2019-01-09T16:23:08+00:00\",\"breadcrumb\":{\"@id\":\"https:\\\/\\\/cnr.org.br\\\/novoportal\\\/proposta-permite-equiparacao-salarial-em-cadeia\\\/#breadcrumb\"},\"inLanguage\":\"pt-BR\",\"potentialAction\":[{\"@type\":\"ReadAction\",\"target\":[\"https:\\\/\\\/cnr.org.br\\\/novoportal\\\/proposta-permite-equiparacao-salarial-em-cadeia\\\/\"]}]},{\"@type\":\"ImageObject\",\"inLanguage\":\"pt-BR\",\"@id\":\"https:\\\/\\\/cnr.org.br\\\/novoportal\\\/proposta-permite-equiparacao-salarial-em-cadeia\\\/#primaryimage\",\"url\":\"https:\\\/\\\/cnr.org.br\\\/site\\\/wp-content\\\/uploads\\\/2019\\\/03\\\/img20170912142130516903.jpg\",\"contentUrl\":\"https:\\\/\\\/cnr.org.br\\\/site\\\/wp-content\\\/uploads\\\/2019\\\/03\\\/img20170912142130516903.jpg\",\"width\":2003,\"height\":1312},{\"@type\":\"BreadcrumbList\",\"@id\":\"https:\\\/\\\/cnr.org.br\\\/novoportal\\\/proposta-permite-equiparacao-salarial-em-cadeia\\\/#breadcrumb\",\"itemListElement\":[{\"@type\":\"ListItem\",\"position\":1,\"name\":\"In\u00edcio\",\"item\":\"https:\\\/\\\/cnr.org.br\\\/site\\\/\"},{\"@type\":\"ListItem\",\"position\":2,\"name\":\"Proposta permite equipara\u00e7\u00e3o salarial em cadeia\"}]},{\"@type\":\"WebSite\",\"@id\":\"https:\\\/\\\/cnr.org.br\\\/novoportal\\\/#website\",\"url\":\"https:\\\/\\\/cnr.org.br\\\/novoportal\\\/\",\"name\":\"CNR\",\"description\":\"Confedera\u00e7\u00e3o Nacional de Not\u00e1rios e Registradores\",\"publisher\":{\"@id\":\"https:\\\/\\\/cnr.org.br\\\/novoportal\\\/#organization\"},\"potentialAction\":[{\"@type\":\"SearchAction\",\"target\":{\"@type\":\"EntryPoint\",\"urlTemplate\":\"https:\\\/\\\/cnr.org.br\\\/novoportal\\\/?s={search_term_string}\"},\"query-input\":{\"@type\":\"PropertyValueSpecification\",\"valueRequired\":true,\"valueName\":\"search_term_string\"}}],\"inLanguage\":\"pt-BR\"},{\"@type\":\"Organization\",\"@id\":\"https:\\\/\\\/cnr.org.br\\\/novoportal\\\/#organization\",\"name\":\"CNR\",\"url\":\"https:\\\/\\\/cnr.org.br\\\/novoportal\\\/\",\"logo\":{\"@type\":\"ImageObject\",\"inLanguage\":\"pt-BR\",\"@id\":\"https:\\\/\\\/cnr.org.br\\\/novoportal\\\/#\\\/schema\\\/logo\\\/image\\\/\",\"url\":\"https:\\\/\\\/cnr.org.br\\\/site\\\/wp-content\\\/uploads\\\/2026\\\/02\\\/Logo_CNR_completa_colorida_2024.png\",\"contentUrl\":\"https:\\\/\\\/cnr.org.br\\\/site\\\/wp-content\\\/uploads\\\/2026\\\/02\\\/Logo_CNR_completa_colorida_2024.png\",\"width\":910,\"height\":450,\"caption\":\"CNR\"},\"image\":{\"@id\":\"https:\\\/\\\/cnr.org.br\\\/novoportal\\\/#\\\/schema\\\/logo\\\/image\\\/\"}},{\"@type\":\"Person\",\"@id\":\"https:\\\/\\\/cnr.org.br\\\/novoportal\\\/#\\\/schema\\\/person\\\/1f46209cd8c9d3d9887a0765b64ca66b\",\"name\":\"Imprensa CNR\",\"sameAs\":[\"https:\\\/\\\/cnr.org.br\\\/site\"],\"url\":\"https:\\\/\\\/cnr.org.br\\\/site\\\/author\\\/imprensa\\\/\"}]}<\/script>\n<!-- \/ Yoast SEO plugin. -->","yoast_head_json":{"title":"Proposta permite equipara\u00e7\u00e3o salarial em cadeia - CNR","robots":{"index":"index","follow":"follow","max-snippet":"max-snippet:-1","max-image-preview":"max-image-preview:large","max-video-preview":"max-video-preview:-1"},"canonical":"https:\/\/cnr.org.br\/novoportal\/proposta-permite-equiparacao-salarial-em-cadeia\/","og_locale":"pt_BR","og_type":"article","og_title":"Proposta permite equipara\u00e7\u00e3o salarial em cadeia - CNR","og_description":"Na avalia\u00e7\u00e3o de Patrus Ananias, a reforma trabalhista aprovada em 2017 restringiu o direito constitucional \u00e0 isonomia salarial O Projeto de Lei 10575\/18 permite a chamada equipara\u00e7\u00e3o em cadeia, que acontece quando um trabalhador pede equipara\u00e7\u00e3o salarial a outro colega que conseguiu decis\u00e3o judicial favor\u00e1vel para tamb\u00e9m ter sal\u00e1rio equiparado a um terceiro empregado. A [&hellip;]","og_url":"https:\/\/cnr.org.br\/novoportal\/proposta-permite-equiparacao-salarial-em-cadeia\/","og_site_name":"CNR","article_published_time":"2019-01-09T16:23:08+00:00","og_image":[{"width":2003,"height":1312,"url":"https:\/\/cnr.org.br\/novoportal\/wp-content\/uploads\/2019\/03\/img20170912142130516903.jpg","type":"image\/jpeg"}],"author":"Imprensa CNR","twitter_card":"summary_large_image","twitter_misc":{"Escrito por":"Imprensa CNR","Est. tempo de leitura":"1 minuto"},"schema":{"@context":"https:\/\/schema.org","@graph":[{"@type":"Article","@id":"https:\/\/cnr.org.br\/novoportal\/proposta-permite-equiparacao-salarial-em-cadeia\/#article","isPartOf":{"@id":"https:\/\/cnr.org.br\/novoportal\/proposta-permite-equiparacao-salarial-em-cadeia\/"},"author":{"name":"Imprensa CNR","@id":"https:\/\/cnr.org.br\/novoportal\/#\/schema\/person\/1f46209cd8c9d3d9887a0765b64ca66b"},"headline":"Proposta permite equipara\u00e7\u00e3o salarial em cadeia","datePublished":"2019-01-09T16:23:08+00:00","mainEntityOfPage":{"@id":"https:\/\/cnr.org.br\/novoportal\/proposta-permite-equiparacao-salarial-em-cadeia\/"},"wordCount":286,"commentCount":0,"publisher":{"@id":"https:\/\/cnr.org.br\/novoportal\/#organization"},"image":{"@id":"https:\/\/cnr.org.br\/novoportal\/proposta-permite-equiparacao-salarial-em-cadeia\/#primaryimage"},"thumbnailUrl":"https:\/\/cnr.org.br\/site\/wp-content\/uploads\/2019\/03\/img20170912142130516903.jpg","articleSection":["Trabalho e previd\u00eancia","\u00daltimas Not\u00edcias"],"inLanguage":"pt-BR"},{"@type":"WebPage","@id":"https:\/\/cnr.org.br\/novoportal\/proposta-permite-equiparacao-salarial-em-cadeia\/","url":"https:\/\/cnr.org.br\/novoportal\/proposta-permite-equiparacao-salarial-em-cadeia\/","name":"Proposta permite equipara\u00e7\u00e3o salarial em cadeia - CNR","isPartOf":{"@id":"https:\/\/cnr.org.br\/novoportal\/#website"},"primaryImageOfPage":{"@id":"https:\/\/cnr.org.br\/novoportal\/proposta-permite-equiparacao-salarial-em-cadeia\/#primaryimage"},"image":{"@id":"https:\/\/cnr.org.br\/novoportal\/proposta-permite-equiparacao-salarial-em-cadeia\/#primaryimage"},"thumbnailUrl":"https:\/\/cnr.org.br\/site\/wp-content\/uploads\/2019\/03\/img20170912142130516903.jpg","datePublished":"2019-01-09T16:23:08+00:00","breadcrumb":{"@id":"https:\/\/cnr.org.br\/novoportal\/proposta-permite-equiparacao-salarial-em-cadeia\/#breadcrumb"},"inLanguage":"pt-BR","potentialAction":[{"@type":"ReadAction","target":["https:\/\/cnr.org.br\/novoportal\/proposta-permite-equiparacao-salarial-em-cadeia\/"]}]},{"@type":"ImageObject","inLanguage":"pt-BR","@id":"https:\/\/cnr.org.br\/novoportal\/proposta-permite-equiparacao-salarial-em-cadeia\/#primaryimage","url":"https:\/\/cnr.org.br\/site\/wp-content\/uploads\/2019\/03\/img20170912142130516903.jpg","contentUrl":"https:\/\/cnr.org.br\/site\/wp-content\/uploads\/2019\/03\/img20170912142130516903.jpg","width":2003,"height":1312},{"@type":"BreadcrumbList","@id":"https:\/\/cnr.org.br\/novoportal\/proposta-permite-equiparacao-salarial-em-cadeia\/#breadcrumb","itemListElement":[{"@type":"ListItem","position":1,"name":"In\u00edcio","item":"https:\/\/cnr.org.br\/site\/"},{"@type":"ListItem","position":2,"name":"Proposta permite equipara\u00e7\u00e3o salarial em cadeia"}]},{"@type":"WebSite","@id":"https:\/\/cnr.org.br\/novoportal\/#website","url":"https:\/\/cnr.org.br\/novoportal\/","name":"CNR","description":"Confedera\u00e7\u00e3o Nacional de Not\u00e1rios e Registradores","publisher":{"@id":"https:\/\/cnr.org.br\/novoportal\/#organization"},"potentialAction":[{"@type":"SearchAction","target":{"@type":"EntryPoint","urlTemplate":"https:\/\/cnr.org.br\/novoportal\/?s={search_term_string}"},"query-input":{"@type":"PropertyValueSpecification","valueRequired":true,"valueName":"search_term_string"}}],"inLanguage":"pt-BR"},{"@type":"Organization","@id":"https:\/\/cnr.org.br\/novoportal\/#organization","name":"CNR","url":"https:\/\/cnr.org.br\/novoportal\/","logo":{"@type":"ImageObject","inLanguage":"pt-BR","@id":"https:\/\/cnr.org.br\/novoportal\/#\/schema\/logo\/image\/","url":"https:\/\/cnr.org.br\/site\/wp-content\/uploads\/2026\/02\/Logo_CNR_completa_colorida_2024.png","contentUrl":"https:\/\/cnr.org.br\/site\/wp-content\/uploads\/2026\/02\/Logo_CNR_completa_colorida_2024.png","width":910,"height":450,"caption":"CNR"},"image":{"@id":"https:\/\/cnr.org.br\/novoportal\/#\/schema\/logo\/image\/"}},{"@type":"Person","@id":"https:\/\/cnr.org.br\/novoportal\/#\/schema\/person\/1f46209cd8c9d3d9887a0765b64ca66b","name":"Imprensa CNR","sameAs":["https:\/\/cnr.org.br\/site"],"url":"https:\/\/cnr.org.br\/site\/author\/imprensa\/"}]}},"_links":{"self":[{"href":"https:\/\/cnr.org.br\/site\/wp-json\/wp\/v2\/posts\/9942","targetHints":{"allow":["GET"]}}],"collection":[{"href":"https:\/\/cnr.org.br\/site\/wp-json\/wp\/v2\/posts"}],"about":[{"href":"https:\/\/cnr.org.br\/site\/wp-json\/wp\/v2\/types\/post"}],"author":[{"embeddable":true,"href":"https:\/\/cnr.org.br\/site\/wp-json\/wp\/v2\/users\/2"}],"replies":[{"embeddable":true,"href":"https:\/\/cnr.org.br\/site\/wp-json\/wp\/v2\/comments?post=9942"}],"version-history":[{"count":0,"href":"https:\/\/cnr.org.br\/site\/wp-json\/wp\/v2\/posts\/9942\/revisions"}],"wp:featuredmedia":[{"embeddable":true,"href":"https:\/\/cnr.org.br\/site\/wp-json\/wp\/v2\/media\/14076"}],"wp:attachment":[{"href":"https:\/\/cnr.org.br\/site\/wp-json\/wp\/v2\/media?parent=9942"}],"wp:term":[{"taxonomy":"category","embeddable":true,"href":"https:\/\/cnr.org.br\/site\/wp-json\/wp\/v2\/categories?post=9942"},{"taxonomy":"post_tag","embeddable":true,"href":"https:\/\/cnr.org.br\/site\/wp-json\/wp\/v2\/tags?post=9942"}],"curies":[{"name":"wp","href":"https:\/\/api.w.org\/{rel}","templated":true}]}}