{"id":562,"count":1,"description":"","link":"https:\/\/cnr.org.br\/site\/tag\/semana-nacional-da-conciliacao-mobiliza-o-pais\/","name":"Semana Nacional da Concilia\u00e7\u00e3o mobiliza o pa\u00eds","slug":"semana-nacional-da-conciliacao-mobiliza-o-pais","taxonomy":"post_tag","meta":[],"_links":{"self":[{"href":"https:\/\/cnr.org.br\/site\/wp-json\/wp\/v2\/tags\/562"}],"collection":[{"href":"https:\/\/cnr.org.br\/site\/wp-json\/wp\/v2\/tags"}],"about":[{"href":"https:\/\/cnr.org.br\/site\/wp-json\/wp\/v2\/taxonomies\/post_tag"}],"wp:post_type":[{"href":"https:\/\/cnr.org.br\/site\/wp-json\/wp\/v2\/posts?tags=562"}],"curies":[{"name":"wp","href":"https:\/\/api.w.org\/{rel}","templated":true}]}}